{"id":13162,"date":"2022-06-13T12:47:39","date_gmt":"2022-06-13T10:47:39","guid":{"rendered":"https:\/\/www.lh.pl\/pomoc\/?p=13162"},"modified":"2022-07-19T10:16:12","modified_gmt":"2022-07-19T08:16:12","slug":"wordcamp-warszawa-2022-za-nami","status":"publish","type":"post","link":"https:\/\/www.lh.pl\/pomoc\/wordcamp-warszawa-2022-za-nami\/","title":{"rendered":"WordCamp Warszawa 2022 za nami"},"content":{"rendered":"\n<p>Weekend 11-12 czerwca up\u0142yn\u0105\u0142 nam pod znakiem WordPressa. Po raz kolejny (ju\u017c tradycyjnie), zostali\u015bmy Sponsorem polskiej edycji WordCampa, najwi\u0119kszej WordPressowej imprezy w kraju. Tym razem pojawili\u015bmy si\u0119 tak\u017ce na scenie &#8211; <a href=\"https:\/\/www.linkedin.com\/in\/aneta-rutkowska-b22a45143\/\" target=\"_blank\" rel=\"noreferrer noopener\">Aneta Rutkowska<\/a> przeprowadzi\u0142a prelekcj\u0119 o edukacji w WordPressie, czyli wszystkim tym, co powinien wiedzie\u0107 klient zlecaj\u0105cy zbudowanie strony WWW.<\/p>\n\n\n\n<h2 class=\"wp-block-heading\">WordCamp powr\u00f3ci\u0142 po 3 latach przerwy!<\/h2>\n\n\n\n<p>Na t\u0119 edycj\u0119 WordCampa musieli\u015bmy troch\u0119 zaczeka\u0107, na szcz\u0119\u015bcie organizatorzy \u2014 fantastyczna warszawska ekipa, w tym <a href=\"https:\/\/www.linkedin.com\/in\/kamilkawalko\/\" target=\"_blank\" rel=\"noreferrer noopener\">Kamil Kawa\u0142ko<\/a>, <a href=\"https:\/\/www.linkedin.com\/in\/michal-strzesniewski\/\" target=\"_blank\" rel=\"noreferrer noopener\">Micha\u0142 Strze\u015bniewski<\/a> (Funcacja WWW oraz WordUp Warszawa) i wolontariusze, mi\u0119dzy innymi <a href=\"https:\/\/www.linkedin.com\/in\/martadomasz\/\">Marta Domasz<\/a>, <a href=\"https:\/\/www.linkedin.com\/in\/marcin-andrzejewski\/\" target=\"_blank\" rel=\"noreferrer noopener\">Marcin Andrzejewski<\/a>, Wies\u0142awa Indeka, <a href=\"https:\/\/www.linkedin.com\/in\/bibliotekarz\/\">Arkadiusz St\u0119plowski<\/a>, pokonali wszelkie przeciwno\u015bci losu by\u015bmy zn\u00f3w mogli si\u0119 spotka\u0107. <\/p>\n\n\n\n<h2 class=\"wp-block-heading\">LH.pl dochowuje tradycji \u2014 po raz kolejny wsparli\u015bmy WordCamp<\/h2>\n\n\n\n<figure class=\"wp-block-image size-large\"><img loading=\"lazy\" decoding=\"async\" width=\"1024\" height=\"768\" src=\"https:\/\/www.lh.pl\/pomoc\/wp-content\/uploads\/2022\/06\/IMG_20220611_124652-1024x768.jpg\" alt=\"wordcamp polska, stoisko lh.pl na wordcamp warszawa 2022\" class=\"wp-image-13164\" srcset=\"https:\/\/www.lh.pl\/pomoc\/wp-content\/uploads\/2022\/06\/IMG_20220611_124652-1024x768.jpg 1024w, https:\/\/www.lh.pl\/pomoc\/wp-content\/uploads\/2022\/06\/IMG_20220611_124652-300x225.jpg 300w, https:\/\/www.lh.pl\/pomoc\/wp-content\/uploads\/2022\/06\/IMG_20220611_124652-768x576.jpg 768w, https:\/\/www.lh.pl\/pomoc\/wp-content\/uploads\/2022\/06\/IMG_20220611_124652-1536x1152.jpg 1536w, https:\/\/www.lh.pl\/pomoc\/wp-content\/uploads\/2022\/06\/IMG_20220611_124652-2048x1536.jpg 2048w\" sizes=\"(max-width: 1024px) 100vw, 1024px\" \/><\/figure>\n\n\n\n<p>Na naszym stoisku czeka\u0142a na Was mocna ekipa \u2014 <a href=\"https:\/\/www.linkedin.com\/in\/piotr-skorupski\/\" target=\"_blank\" rel=\"noreferrer noopener\">Piotr Skorupski<\/a>, <a href=\"https:\/\/www.linkedin.com\/in\/aga-od-programu-partnerskiego\/\" target=\"_blank\" rel=\"noreferrer noopener\">Agnieszka Mali\u0144ska<\/a> i Mateusz Chlebowski. Nasz zesp\u00f3\u0142 przeprowadzi\u0142 przez ten weekend mn\u00f3stwo ciekawych rozm\u00f3w, opowiedzia\u0142 o naszych us\u0142ugach i tym jak wspieramy WordPressy w jeszcze szybszym dzia\u0142aniu. Spotkali\u015bmy na \u017cywo naszych Klient\u00f3w i Partner\u00f3w, podzielili\u015bmy si\u0119 do\u015bwiadczeniem i gad\u017cetami (teraz czekamy na zdj\u0119cia Waszych \u0142\u0105k kwietnych). \ud83d\ude42 <\/p>\n\n\n\n<figure class=\"wp-block-gallery has-nested-images columns-default is-cropped wp-block-gallery-1 is-layout-flex wp-block-gallery-is-layout-flex\">\n<figure class=\"wp-block-image size-large\"><img loading=\"lazy\" decoding=\"async\" width=\"1024\" height=\"768\" data-id=\"13170\" src=\"https:\/\/www.lh.pl\/pomoc\/wp-content\/uploads\/2022\/06\/wordcamp2022_2-1024x768.jpg\" alt=\"\" class=\"wp-image-13170\" srcset=\"https:\/\/www.lh.pl\/pomoc\/wp-content\/uploads\/2022\/06\/wordcamp2022_2-1024x768.jpg 1024w, https:\/\/www.lh.pl\/pomoc\/wp-content\/uploads\/2022\/06\/wordcamp2022_2-300x225.jpg 300w, https:\/\/www.lh.pl\/pomoc\/wp-content\/uploads\/2022\/06\/wordcamp2022_2-768x576.jpg 768w, https:\/\/www.lh.pl\/pomoc\/wp-content\/uploads\/2022\/06\/wordcamp2022_2-1536x1152.jpg 1536w, https:\/\/www.lh.pl\/pomoc\/wp-content\/uploads\/2022\/06\/wordcamp2022_2-2048x1536.jpg 2048w\" sizes=\"(max-width: 1024px) 100vw, 1024px\" \/><\/figure>\n\n\n\n<figure class=\"wp-block-image size-large\"><img loading=\"lazy\" decoding=\"async\" width=\"1024\" height=\"768\" data-id=\"13171\" src=\"https:\/\/www.lh.pl\/pomoc\/wp-content\/uploads\/2022\/06\/wordcamp2022_3-1024x768.jpg\" alt=\"\" class=\"wp-image-13171\" srcset=\"https:\/\/www.lh.pl\/pomoc\/wp-content\/uploads\/2022\/06\/wordcamp2022_3-1024x768.jpg 1024w, https:\/\/www.lh.pl\/pomoc\/wp-content\/uploads\/2022\/06\/wordcamp2022_3-300x225.jpg 300w, https:\/\/www.lh.pl\/pomoc\/wp-content\/uploads\/2022\/06\/wordcamp2022_3-768x576.jpg 768w, https:\/\/www.lh.pl\/pomoc\/wp-content\/uploads\/2022\/06\/wordcamp2022_3-1536x1152.jpg 1536w, https:\/\/www.lh.pl\/pomoc\/wp-content\/uploads\/2022\/06\/wordcamp2022_3-2048x1536.jpg 2048w\" sizes=\"(max-width: 1024px) 100vw, 1024px\" \/><\/figure>\n\n\n\n<figure class=\"wp-block-image size-large\"><img loading=\"lazy\" decoding=\"async\" width=\"768\" height=\"1024\" data-id=\"13169\" src=\"https:\/\/www.lh.pl\/pomoc\/wp-content\/uploads\/2022\/06\/wordcamp2022-768x1024.jpg\" alt=\"\" class=\"wp-image-13169\" srcset=\"https:\/\/www.lh.pl\/pomoc\/wp-content\/uploads\/2022\/06\/wordcamp2022-768x1024.jpg 768w, https:\/\/www.lh.pl\/pomoc\/wp-content\/uploads\/2022\/06\/wordcamp2022-225x300.jpg 225w, https:\/\/www.lh.pl\/pomoc\/wp-content\/uploads\/2022\/06\/wordcamp2022-1152x1536.jpg 1152w, https:\/\/www.lh.pl\/pomoc\/wp-content\/uploads\/2022\/06\/wordcamp2022-1536x2048.jpg 1536w, https:\/\/www.lh.pl\/pomoc\/wp-content\/uploads\/2022\/06\/wordcamp2022-scaled.jpg 1920w\" sizes=\"(max-width: 768px) 100vw, 768px\" \/><\/figure>\n<\/figure>\n\n\n\n<h2 class=\"wp-block-heading\">A na sali grono WordPressowych ekspert\u00f3w<\/h2>\n\n\n\n<p>WordCamp to przede wszystkim prelekcje \u2014 warto\u015bciowe prezentacje, wymiana do\u015bwiadcze\u0144 i nieko\u0144cz\u0105cy si\u0119 strumie\u0144 WordPressowej wiedzy. Na scenie poruszono wa\u017cne tematy \u2014 od dost\u0119pno\u015bci, przez bezpiecze\u0144stwo, optymalizacj\u0119, a\u017c po warstw\u0119 marketingow\u0105 i wsp\u00f3\u0142prac\u0119 z klientem. <\/p>\n\n\n\n<p>W temacie dost\u0119pno\u015bci s\u0142uchali\u015bmy <a href=\"https:\/\/www.linkedin.com\/in\/jaczad\/\">Jacka Zazdro\u017cnego<\/a>, <a href=\"https:\/\/www.linkedin.com\/in\/marcin-andrzejewski\/\">Marcina Andrzejewskiego<\/a>, <a href=\"https:\/\/www.linkedin.com\/in\/bibliotekarz\/\">Arka St\u0119plowskiego<\/a> oraz <a href=\"https:\/\/www.linkedin.com\/in\/pietrzakmarcin\/\">Marcina Pietrzaka<\/a>. Prelekcja i panel u\u015bwiadomi\u0142y wszystkim, jak wiele jest jeszcze do zrobienia w temacie dostosowywania stron dla os\u00f3b z niepe\u0142nosprawno\u015bciami. <\/p>\n\n\n\n<p>Tematyk\u0119 developmentu poruszyli do\u015bwiadczeni developerzy \u2014 <a href=\"https:\/\/www.linkedin.com\/in\/mariuszszatkowski\/\">Mariusz Szatkowski<\/a> w swojej pelekcji &#8222;Ko-do-ma-so-chizm. Dlaczego robisz to naoko\u0142o?&#8221; oraz <a href=\"https:\/\/www.linkedin.com\/in\/maciej-kuchnik\/\">Maciej Kuchnik<\/a> w prezentacji &#8222;Developerze, nie wymy\u015blaj ko\u0142a na nowo \u2013 bierz to, co daje WordPress!&#8221; pokazali jak upraszcza\u0107 i usprawnia\u0107 prac\u0119 z kodem. <a href=\"https:\/\/www.linkedin.com\/in\/niewiadomskipiotr\/\">Piotr Niewiadomski<\/a> opowiedzia\u0142 o praktycznym u\u017cyciu Composera w WordPressie, a <a href=\"https:\/\/www.linkedin.com\/in\/qpcio\/\">Jakub Rosi\u0144ski<\/a> i <a href=\"https:\/\/www.linkedin.com\/in\/oskar-sajdak\/\">Oskar Sajdak<\/a> podzielili si\u0119 wiedz\u0105 na temat tego jak wa\u017cne s\u0105 testy i to nie tylko w WordPressie. <\/p>\n\n\n\n<figure class=\"wp-block-gallery has-nested-images columns-default is-cropped wp-block-gallery-2 is-layout-flex wp-block-gallery-is-layout-flex\">\n<figure class=\"wp-block-image size-large\"><img loading=\"lazy\" decoding=\"async\" width=\"1024\" height=\"768\" data-id=\"13172\" src=\"https:\/\/www.lh.pl\/pomoc\/wp-content\/uploads\/2022\/06\/wordcamp2022_4-1024x768.jpg\" alt=\"\" class=\"wp-image-13172\" srcset=\"https:\/\/www.lh.pl\/pomoc\/wp-content\/uploads\/2022\/06\/wordcamp2022_4-1024x768.jpg 1024w, https:\/\/www.lh.pl\/pomoc\/wp-content\/uploads\/2022\/06\/wordcamp2022_4-300x225.jpg 300w, https:\/\/www.lh.pl\/pomoc\/wp-content\/uploads\/2022\/06\/wordcamp2022_4-768x576.jpg 768w, https:\/\/www.lh.pl\/pomoc\/wp-content\/uploads\/2022\/06\/wordcamp2022_4-1536x1152.jpg 1536w, https:\/\/www.lh.pl\/pomoc\/wp-content\/uploads\/2022\/06\/wordcamp2022_4-2048x1536.jpg 2048w\" sizes=\"(max-width: 1024px) 100vw, 1024px\" \/><\/figure>\n\n\n\n<figure class=\"wp-block-image size-large\"><img loading=\"lazy\" decoding=\"async\" width=\"1024\" height=\"768\" data-id=\"13173\" src=\"https:\/\/www.lh.pl\/pomoc\/wp-content\/uploads\/2022\/06\/wordcamp2022_5-1024x768.jpg\" alt=\"\" class=\"wp-image-13173\" srcset=\"https:\/\/www.lh.pl\/pomoc\/wp-content\/uploads\/2022\/06\/wordcamp2022_5-1024x768.jpg 1024w, https:\/\/www.lh.pl\/pomoc\/wp-content\/uploads\/2022\/06\/wordcamp2022_5-300x225.jpg 300w, https:\/\/www.lh.pl\/pomoc\/wp-content\/uploads\/2022\/06\/wordcamp2022_5-768x576.jpg 768w, https:\/\/www.lh.pl\/pomoc\/wp-content\/uploads\/2022\/06\/wordcamp2022_5-1536x1152.jpg 1536w, https:\/\/www.lh.pl\/pomoc\/wp-content\/uploads\/2022\/06\/wordcamp2022_5-2048x1536.jpg 2048w\" sizes=\"(max-width: 1024px) 100vw, 1024px\" \/><\/figure>\n<\/figure>\n\n\n\n<p>WordCamp zaserwowa\u0142 nam tak\u017ce sentymentalny powr\u00f3t do pocz\u0105tk\u00f3w historii ze spo\u0142eczno\u015bci\u0105 WordPressa w Polsce, widzianej oczami <a href=\"https:\/\/www.linkedin.com\/in\/kasia-aleszczyk\/\">Kasi Aleszczyk<\/a>, tematyk\u0119 SEO w wydaniu <a href=\"https:\/\/www.linkedin.com\/in\/pawelgontarek\/\">Paw\u0142a Gontarka<\/a> i <a href=\"https:\/\/www.linkedin.com\/in\/romanrozenberger\/\">Romana Rozenbergera<\/a>, a tak\u017ce ciekawe prelekcje o bezpiecze\u0144stwie <a href=\"https:\/\/www.linkedin.com\/in\/arturpajkert\/\">Artura Pajkerta<\/a> i <a href=\"https:\/\/www.linkedin.com\/in\/krzysiek-drozdz\">Krzysztofa Dr\u00f3\u017cd\u017ca<\/a>.<\/p>\n\n\n\n<p>Nie mog\u0142o zabrakn\u0105\u0107 prelekcji biznesowych, spo\u015br\u00f3d kt\u00f3rych pos\u0142uchali\u015bmy mi\u0119dzy innymi <a href=\"https:\/\/www.linkedin.com\/in\/tomeklach\/\" target=\"_blank\" rel=\"noreferrer noopener\">Tomasza Lacha<\/a>, kt\u00f3ry w inspiruj\u0105cy spos\u00f3b opowiedzia\u0142 o zarabianiu na w\u0142asnym produkcie WordPressa, <a href=\"https:\/\/www.linkedin.com\/in\/tomaszkolkiewicz\/\" target=\"_blank\" rel=\"noreferrer noopener\">Tomasza Ko\u0142kiewicza<\/a>, kt\u00f3ry zdradzi\u0142 sekrety optymalizacji wsp\u00f3\u0142pracy z klientem opieraj\u0105c si\u0119 na w\u0142asnych do\u015bwiadczeniach. Na scenie go\u015bci\u0142a te\u017c Izabela<a href=\"https:\/\/www.linkedin.com\/in\/izabela-karkocha\/\" target=\"_blank\" rel=\"noreferrer noopener\"> Karkocha<\/a>, kt\u00f3ra udowodni\u0142a, \u017ce dobra strona na WordPressie mo\u017ce powsta\u0107 bez wtyczek i kodowania. <\/p>\n\n\n\n<h2 class=\"wp-block-heading\">Aneta Rutkowska opowiedzia\u0142a o edukacji w WordPressie<\/h2>\n\n\n\n<p>Aneta opowiedzia\u0142a na scenie o tym dlaczego edukacja w WordPressie jest tak wa\u017cna. Jak przygotowa\u0107 klienta do wsp\u00f3\u0142pracy? Jak poprowadzi\u0107 go przez proces budowania strony by czu\u0142 si\u0119 bezpiecznie i by\u0142 sk\u0142onny dobrze wynagrodzi\u0107 prac\u0119 developera? To w\u0142a\u015bnie na te pytania poszukiwa\u0142a odpowiedzi Aneta i z tego co us\u0142yszeli\u015bmy w kuluarach \u2014 wysz\u0142o jej \u015bwietnie!<\/p>\n\n\n\n<p>Prelekcj\u0119 Anety (i nie tylko) mo\u017cesz nadrobi\u0107 na YouTube. <\/p>\n\n\n\n<figure class=\"wp-block-embed is-type-video is-provider-youtube wp-block-embed-youtube wp-embed-aspect-16-9 wp-has-aspect-ratio\"><div class=\"wp-block-embed__wrapper\">\n<iframe loading=\"lazy\" title=\"WordCamp Warsaw 2022 dzie\u0144 2\" width=\"1200\" height=\"675\" src=\"https:\/\/www.youtube.com\/embed\/wxWNukG8xG0?feature=oembed\" frameborder=\"0\" allow=\"accelerometer; autoplay; clipboard-write; encrypted-media; gyroscope; picture-in-picture\" allowfullscreen><\/iframe>\n<\/div><\/figure>\n\n\n\n<h2 class=\"wp-block-heading\">Kolejny WordCamp w Gliwicach!<\/h2>\n\n\n\n<p>Na zako\u0144czenie konferencji, tradycyjnie, organizatorzy zdradzili dat\u0119 kolejnego og\u00f3lnopolskiego spotkania mi\u0142o\u015bnik\u00f3w WordPressa. To ju\u017c oficjalne! W 2023 roku spotkamy si\u0119 w Gliwicach i jednego jeste\u015bmy pewni \u2014 nie zabraknie nas w gronie firm wspieraj\u0105cych organizacj\u0119, ani prelegent\u00f3w. Do zobaczenia za rok!<\/p>\n","protected":false},"excerpt":{"rendered":"<p>Weekend 11-12 czerwca up\u0142yn\u0105\u0142 nam pod znakiem WordPressa. Po raz kolejny (ju\u017c tradycyjnie), zostali\u015bmy Sponsorem polskiej edycji WordCampa, najwi\u0119kszej WordPressowej [&hellip;]<\/p>\n","protected":false},"author":7,"featured_media":13174,"comment_status":"open","ping_status":"closed","sticky":false,"template":"","format":"standard","meta":{"_acf_changed":false,"ep_exclude_from_search":false,"footnotes":""},"categories":[57],"tags":[],"blocksy_meta":{"styles_descriptor":{"styles":{"desktop":"","tablet":"","mobile":""},"google_fonts":[],"version":6}},"acf":[],"featured_image_urls":{"full":["https:\/\/www.lh.pl\/pomoc\/wp-content\/uploads\/2022\/06\/wordcamp-cover-1.png",1280,720,false],"thumbnail":["https:\/\/www.lh.pl\/pomoc\/wp-content\/uploads\/2022\/06\/wordcamp-cover-1-150x150.png",150,150,true],"medium":["https:\/\/www.lh.pl\/pomoc\/wp-content\/uploads\/2022\/06\/wordcamp-cover-1-300x169.png",300,169,true],"medium_large":["https:\/\/www.lh.pl\/pomoc\/wp-content\/uploads\/2022\/06\/wordcamp-cover-1-768x432.png",768,432,true],"large":["https:\/\/www.lh.pl\/pomoc\/wp-content\/uploads\/2022\/06\/wordcamp-cover-1-1024x576.png",1024,576,true],"1536x1536":["https:\/\/www.lh.pl\/pomoc\/wp-content\/uploads\/2022\/06\/wordcamp-cover-1.png",1280,720,false],"2048x2048":["https:\/\/www.lh.pl\/pomoc\/wp-content\/uploads\/2022\/06\/wordcamp-cover-1.png",1280,720,false],"yarpp-thumbnail":["https:\/\/www.lh.pl\/pomoc\/wp-content\/uploads\/2022\/06\/wordcamp-cover-1.png",120,68,false]},"post_excerpt_stackable":"<p>Weekend 11-12 czerwca up\u0142yn\u0105\u0142 nam pod znakiem WordPressa. Po raz kolejny (ju\u017c tradycyjnie), zostali\u015bmy Sponsorem polskiej edycji WordCampa, najwi\u0119kszej WordPressowej imprezy w kraju. Tym razem pojawili\u015bmy si\u0119 tak\u017ce na scenie &#8211; Aneta Rutkowska przeprowadzi\u0142a prelekcj\u0119 o edukacji w WordPressie, czyli wszystkim tym, co powinien wiedzie\u0107 klient zlecaj\u0105cy zbudowanie strony WWW. WordCamp powr\u00f3ci\u0142 po 3 latach przerwy! Na t\u0119 edycj\u0119 WordCampa musieli\u015bmy troch\u0119 zaczeka\u0107, na szcz\u0119\u015bcie organizatorzy \u2014 fantastyczna warszawska ekipa, w tym Kamil Kawa\u0142ko, Micha\u0142 Strze\u015bniewski (Funcacja WWW oraz WordUp Warszawa) i wolontariusze, mi\u0119dzy innymi Marta Domasz, Marcin Andrzejewski, Wies\u0142awa Indeka, Arkadiusz St\u0119plowski, pokonali wszelkie przeciwno\u015bci losu by\u015bmy zn\u00f3w mogli&hellip;<\/p>\n","category_list":"<a href=\"https:\/\/www.lh.pl\/pomoc\/c\/aktualnosci\/\" rel=\"category tag\">Aktualno\u015bci<\/a>","author_info":{"name":"B\u0142a\u017cej Starosta","url":"https:\/\/www.lh.pl\/pomoc\/author\/blazej\/"},"comments_num":"0 comments","yoast_head":"<!-- This site is optimized with the Yoast SEO plugin v23.5 - https:\/\/yoast.com\/wordpress\/plugins\/seo\/ -->\n<title>WordCamp Warszawa 2022 za nami - Aktualno\u015bci LH.pl<\/title>\n<meta name=\"robots\" content=\"index, follow, max-snippet:-1, max-image-preview:large, max-video-preview:-1\" \/>\n<link rel=\"canonical\" href=\"https:\/\/www.lh.pl\/pomoc\/wordcamp-warszawa-2022-za-nami\/\" \/>\n<meta property=\"og:locale\" content=\"pl_PL\" \/>\n<meta property=\"og:type\" content=\"article\" \/>\n<meta property=\"og:title\" content=\"WordCamp Warszawa 2022 za nami - Aktualno\u015bci LH.pl\" \/>\n<meta property=\"og:description\" content=\"Weekend 11-12 czerwca up\u0142yn\u0105\u0142 nam pod znakiem WordPressa. Po raz kolejny (ju\u017c tradycyjnie), zostali\u015bmy Sponsorem polskiej edycji WordCampa, najwi\u0119kszej WordPressowej [&hellip;]\" \/>\n<meta property=\"og:url\" content=\"https:\/\/www.lh.pl\/pomoc\/wordcamp-warszawa-2022-za-nami\/\" \/>\n<meta property=\"og:site_name\" content=\"LH.pl\" \/>\n<meta property=\"article:publisher\" content=\"https:\/\/www.facebook.com\/wwwlhpl\" \/>\n<meta property=\"article:published_time\" content=\"2022-06-13T10:47:39+00:00\" \/>\n<meta property=\"article:modified_time\" content=\"2022-07-19T08:16:12+00:00\" \/>\n<meta property=\"og:image\" content=\"https:\/\/www.lh.pl\/pomoc\/wp-content\/uploads\/2022\/06\/wordcamp-cover-1.png\" \/>\n\t<meta property=\"og:image:width\" content=\"1280\" \/>\n\t<meta property=\"og:image:height\" content=\"720\" \/>\n\t<meta property=\"og:image:type\" content=\"image\/png\" \/>\n<meta name=\"author\" content=\"B\u0142a\u017cej Starosta\" \/>\n<meta name=\"twitter:card\" content=\"summary_large_image\" \/>\n<meta name=\"twitter:label1\" content=\"Napisane przez\" \/>\n\t<meta name=\"twitter:data1\" content=\"B\u0142a\u017cej Starosta\" \/>\n\t<meta name=\"twitter:label2\" content=\"Szacowany czas czytania\" \/>\n\t<meta name=\"twitter:data2\" content=\"5 minut\" \/>\n<script type=\"application\/ld+json\" class=\"yoast-schema-graph\">{\"@context\":\"https:\/\/schema.org\",\"@graph\":[{\"@type\":\"Article\",\"@id\":\"https:\/\/www.lh.pl\/pomoc\/wordcamp-warszawa-2022-za-nami\/#article\",\"isPartOf\":{\"@id\":\"https:\/\/www.lh.pl\/pomoc\/wordcamp-warszawa-2022-za-nami\/\"},\"author\":{\"name\":\"B\u0142a\u017cej Starosta\",\"@id\":\"https:\/\/www.lh.pl\/pomoc\/#\/schema\/person\/5a40f9de0b90355373e84b6d7087aeff\"},\"headline\":\"WordCamp Warszawa 2022 za nami\",\"datePublished\":\"2022-06-13T10:47:39+00:00\",\"dateModified\":\"2022-07-19T08:16:12+00:00\",\"mainEntityOfPage\":{\"@id\":\"https:\/\/www.lh.pl\/pomoc\/wordcamp-warszawa-2022-za-nami\/\"},\"wordCount\":638,\"commentCount\":0,\"publisher\":{\"@id\":\"https:\/\/www.lh.pl\/pomoc\/#organization\"},\"image\":{\"@id\":\"https:\/\/www.lh.pl\/pomoc\/wordcamp-warszawa-2022-za-nami\/#primaryimage\"},\"thumbnailUrl\":\"https:\/\/www.lh.pl\/pomoc\/wp-content\/uploads\/2022\/06\/wordcamp-cover-1.png\",\"articleSection\":[\"Aktualno\u015bci\"],\"inLanguage\":\"pl-PL\",\"potentialAction\":[{\"@type\":\"CommentAction\",\"name\":\"Comment\",\"target\":[\"https:\/\/www.lh.pl\/pomoc\/wordcamp-warszawa-2022-za-nami\/#respond\"]}]},{\"@type\":\"WebPage\",\"@id\":\"https:\/\/www.lh.pl\/pomoc\/wordcamp-warszawa-2022-za-nami\/\",\"url\":\"https:\/\/www.lh.pl\/pomoc\/wordcamp-warszawa-2022-za-nami\/\",\"name\":\"WordCamp Warszawa 2022 za nami - Aktualno\u015bci LH.pl\",\"isPartOf\":{\"@id\":\"https:\/\/www.lh.pl\/pomoc\/#website\"},\"primaryImageOfPage\":{\"@id\":\"https:\/\/www.lh.pl\/pomoc\/wordcamp-warszawa-2022-za-nami\/#primaryimage\"},\"image\":{\"@id\":\"https:\/\/www.lh.pl\/pomoc\/wordcamp-warszawa-2022-za-nami\/#primaryimage\"},\"thumbnailUrl\":\"https:\/\/www.lh.pl\/pomoc\/wp-content\/uploads\/2022\/06\/wordcamp-cover-1.png\",\"datePublished\":\"2022-06-13T10:47:39+00:00\",\"dateModified\":\"2022-07-19T08:16:12+00:00\",\"breadcrumb\":{\"@id\":\"https:\/\/www.lh.pl\/pomoc\/wordcamp-warszawa-2022-za-nami\/#breadcrumb\"},\"inLanguage\":\"pl-PL\",\"potentialAction\":[{\"@type\":\"ReadAction\",\"target\":[\"https:\/\/www.lh.pl\/pomoc\/wordcamp-warszawa-2022-za-nami\/\"]}]},{\"@type\":\"ImageObject\",\"inLanguage\":\"pl-PL\",\"@id\":\"https:\/\/www.lh.pl\/pomoc\/wordcamp-warszawa-2022-za-nami\/#primaryimage\",\"url\":\"https:\/\/www.lh.pl\/pomoc\/wp-content\/uploads\/2022\/06\/wordcamp-cover-1.png\",\"contentUrl\":\"https:\/\/www.lh.pl\/pomoc\/wp-content\/uploads\/2022\/06\/wordcamp-cover-1.png\",\"width\":1280,\"height\":720},{\"@type\":\"BreadcrumbList\",\"@id\":\"https:\/\/www.lh.pl\/pomoc\/wordcamp-warszawa-2022-za-nami\/#breadcrumb\",\"itemListElement\":[{\"@type\":\"ListItem\",\"position\":1,\"name\":\"Lh.pl Pomoc\",\"item\":\"https:\/\/www.lh.pl\/pomoc\/\"},{\"@type\":\"ListItem\",\"position\":2,\"name\":\"Aktualno\u015bci\",\"item\":\"https:\/\/www.lh.pl\/pomoc\/c\/aktualnosci\/\"},{\"@type\":\"ListItem\",\"position\":3,\"name\":\"WordCamp Warszawa 2022 za nami\"}]},{\"@type\":\"WebSite\",\"@id\":\"https:\/\/www.lh.pl\/pomoc\/#website\",\"url\":\"https:\/\/www.lh.pl\/pomoc\/\",\"name\":\"LH.pl\",\"description\":\"\",\"publisher\":{\"@id\":\"https:\/\/www.lh.pl\/pomoc\/#organization\"},\"potentialAction\":[{\"@type\":\"SearchAction\",\"target\":{\"@type\":\"EntryPoint\",\"urlTemplate\":\"https:\/\/www.lh.pl\/pomoc\/?s={search_term_string}\"},\"query-input\":{\"@type\":\"PropertyValueSpecification\",\"valueRequired\":true,\"valueName\":\"search_term_string\"}}],\"inLanguage\":\"pl-PL\"},{\"@type\":\"Organization\",\"@id\":\"https:\/\/www.lh.pl\/pomoc\/#organization\",\"name\":\"LH.pl\",\"url\":\"https:\/\/www.lh.pl\/pomoc\/\",\"logo\":{\"@type\":\"ImageObject\",\"inLanguage\":\"pl-PL\",\"@id\":\"https:\/\/www.lh.pl\/pomoc\/#\/schema\/logo\/image\/\",\"url\":\"https:\/\/www.lh.pl\/pomoc\/wp-content\/uploads\/2019\/09\/LH-logo-color-RGB.png\",\"contentUrl\":\"https:\/\/www.lh.pl\/pomoc\/wp-content\/uploads\/2019\/09\/LH-logo-color-RGB.png\",\"width\":771,\"height\":289,\"caption\":\"LH.pl\"},\"image\":{\"@id\":\"https:\/\/www.lh.pl\/pomoc\/#\/schema\/logo\/image\/\"},\"sameAs\":[\"https:\/\/www.facebook.com\/wwwlhpl\",\"https:\/\/www.instagram.com\/wwwlhpl\/\"]},{\"@type\":\"Person\",\"@id\":\"https:\/\/www.lh.pl\/pomoc\/#\/schema\/person\/5a40f9de0b90355373e84b6d7087aeff\",\"name\":\"B\u0142a\u017cej Starosta\",\"description\":\"Ma do\u015bwiadczenie w tworzeniu oraz prowadzeniu stron WWW, od blog\u00f3w a\u017c po sklepy internetowe. Od lat uwa\u017cnie \u015bledzi rozw\u00f3j WordPressa i jego wp\u0142yw na rynek tw\u00f3rc\u00f3w stron internetowych. Stara si\u0119 by\u0107 na bie\u017c\u0105co ze wszystkimi nowinkami technologicznymi i dzieli\u0107 si\u0119 swoj\u0105 wiedz\u0105.\",\"sameAs\":[\"https:\/\/www.lh.pl\"],\"url\":\"https:\/\/www.lh.pl\/pomoc\/author\/blazej\/\"}]}<\/script>\n<!-- \/ Yoast SEO plugin. -->","yoast_head_json":{"title":"WordCamp Warszawa 2022 za nami - Aktualno\u015bci LH.pl","robots":{"index":"index","follow":"follow","max-snippet":"max-snippet:-1","max-image-preview":"max-image-preview:large","max-video-preview":"max-video-preview:-1"},"canonical":"https:\/\/www.lh.pl\/pomoc\/wordcamp-warszawa-2022-za-nami\/","og_locale":"pl_PL","og_type":"article","og_title":"WordCamp Warszawa 2022 za nami - Aktualno\u015bci LH.pl","og_description":"Weekend 11-12 czerwca up\u0142yn\u0105\u0142 nam pod znakiem WordPressa. Po raz kolejny (ju\u017c tradycyjnie), zostali\u015bmy Sponsorem polskiej edycji WordCampa, najwi\u0119kszej WordPressowej [&hellip;]","og_url":"https:\/\/www.lh.pl\/pomoc\/wordcamp-warszawa-2022-za-nami\/","og_site_name":"LH.pl","article_publisher":"https:\/\/www.facebook.com\/wwwlhpl","article_published_time":"2022-06-13T10:47:39+00:00","article_modified_time":"2022-07-19T08:16:12+00:00","og_image":[{"width":1280,"height":720,"url":"https:\/\/www.lh.pl\/pomoc\/wp-content\/uploads\/2022\/06\/wordcamp-cover-1.png","type":"image\/png"}],"author":"B\u0142a\u017cej Starosta","twitter_card":"summary_large_image","twitter_misc":{"Napisane przez":"B\u0142a\u017cej Starosta","Szacowany czas czytania":"5 minut"},"schema":{"@context":"https:\/\/schema.org","@graph":[{"@type":"Article","@id":"https:\/\/www.lh.pl\/pomoc\/wordcamp-warszawa-2022-za-nami\/#article","isPartOf":{"@id":"https:\/\/www.lh.pl\/pomoc\/wordcamp-warszawa-2022-za-nami\/"},"author":{"name":"B\u0142a\u017cej Starosta","@id":"https:\/\/www.lh.pl\/pomoc\/#\/schema\/person\/5a40f9de0b90355373e84b6d7087aeff"},"headline":"WordCamp Warszawa 2022 za nami","datePublished":"2022-06-13T10:47:39+00:00","dateModified":"2022-07-19T08:16:12+00:00","mainEntityOfPage":{"@id":"https:\/\/www.lh.pl\/pomoc\/wordcamp-warszawa-2022-za-nami\/"},"wordCount":638,"commentCount":0,"publisher":{"@id":"https:\/\/www.lh.pl\/pomoc\/#organization"},"image":{"@id":"https:\/\/www.lh.pl\/pomoc\/wordcamp-warszawa-2022-za-nami\/#primaryimage"},"thumbnailUrl":"https:\/\/www.lh.pl\/pomoc\/wp-content\/uploads\/2022\/06\/wordcamp-cover-1.png","articleSection":["Aktualno\u015bci"],"inLanguage":"pl-PL","potentialAction":[{"@type":"CommentAction","name":"Comment","target":["https:\/\/www.lh.pl\/pomoc\/wordcamp-warszawa-2022-za-nami\/#respond"]}]},{"@type":"WebPage","@id":"https:\/\/www.lh.pl\/pomoc\/wordcamp-warszawa-2022-za-nami\/","url":"https:\/\/www.lh.pl\/pomoc\/wordcamp-warszawa-2022-za-nami\/","name":"WordCamp Warszawa 2022 za nami - Aktualno\u015bci LH.pl","isPartOf":{"@id":"https:\/\/www.lh.pl\/pomoc\/#website"},"primaryImageOfPage":{"@id":"https:\/\/www.lh.pl\/pomoc\/wordcamp-warszawa-2022-za-nami\/#primaryimage"},"image":{"@id":"https:\/\/www.lh.pl\/pomoc\/wordcamp-warszawa-2022-za-nami\/#primaryimage"},"thumbnailUrl":"https:\/\/www.lh.pl\/pomoc\/wp-content\/uploads\/2022\/06\/wordcamp-cover-1.png","datePublished":"2022-06-13T10:47:39+00:00","dateModified":"2022-07-19T08:16:12+00:00","breadcrumb":{"@id":"https:\/\/www.lh.pl\/pomoc\/wordcamp-warszawa-2022-za-nami\/#breadcrumb"},"inLanguage":"pl-PL","potentialAction":[{"@type":"ReadAction","target":["https:\/\/www.lh.pl\/pomoc\/wordcamp-warszawa-2022-za-nami\/"]}]},{"@type":"ImageObject","inLanguage":"pl-PL","@id":"https:\/\/www.lh.pl\/pomoc\/wordcamp-warszawa-2022-za-nami\/#primaryimage","url":"https:\/\/www.lh.pl\/pomoc\/wp-content\/uploads\/2022\/06\/wordcamp-cover-1.png","contentUrl":"https:\/\/www.lh.pl\/pomoc\/wp-content\/uploads\/2022\/06\/wordcamp-cover-1.png","width":1280,"height":720},{"@type":"BreadcrumbList","@id":"https:\/\/www.lh.pl\/pomoc\/wordcamp-warszawa-2022-za-nami\/#breadcrumb","itemListElement":[{"@type":"ListItem","position":1,"name":"Lh.pl Pomoc","item":"https:\/\/www.lh.pl\/pomoc\/"},{"@type":"ListItem","position":2,"name":"Aktualno\u015bci","item":"https:\/\/www.lh.pl\/pomoc\/c\/aktualnosci\/"},{"@type":"ListItem","position":3,"name":"WordCamp Warszawa 2022 za nami"}]},{"@type":"WebSite","@id":"https:\/\/www.lh.pl\/pomoc\/#website","url":"https:\/\/www.lh.pl\/pomoc\/","name":"LH.pl","description":"","publisher":{"@id":"https:\/\/www.lh.pl\/pomoc\/#organization"},"potentialAction":[{"@type":"SearchAction","target":{"@type":"EntryPoint","urlTemplate":"https:\/\/www.lh.pl\/pomoc\/?s={search_term_string}"},"query-input":{"@type":"PropertyValueSpecification","valueRequired":true,"valueName":"search_term_string"}}],"inLanguage":"pl-PL"},{"@type":"Organization","@id":"https:\/\/www.lh.pl\/pomoc\/#organization","name":"LH.pl","url":"https:\/\/www.lh.pl\/pomoc\/","logo":{"@type":"ImageObject","inLanguage":"pl-PL","@id":"https:\/\/www.lh.pl\/pomoc\/#\/schema\/logo\/image\/","url":"https:\/\/www.lh.pl\/pomoc\/wp-content\/uploads\/2019\/09\/LH-logo-color-RGB.png","contentUrl":"https:\/\/www.lh.pl\/pomoc\/wp-content\/uploads\/2019\/09\/LH-logo-color-RGB.png","width":771,"height":289,"caption":"LH.pl"},"image":{"@id":"https:\/\/www.lh.pl\/pomoc\/#\/schema\/logo\/image\/"},"sameAs":["https:\/\/www.facebook.com\/wwwlhpl","https:\/\/www.instagram.com\/wwwlhpl\/"]},{"@type":"Person","@id":"https:\/\/www.lh.pl\/pomoc\/#\/schema\/person\/5a40f9de0b90355373e84b6d7087aeff","name":"B\u0142a\u017cej Starosta","description":"Ma do\u015bwiadczenie w tworzeniu oraz prowadzeniu stron WWW, od blog\u00f3w a\u017c po sklepy internetowe. Od lat uwa\u017cnie \u015bledzi rozw\u00f3j WordPressa i jego wp\u0142yw na rynek tw\u00f3rc\u00f3w stron internetowych. Stara si\u0119 by\u0107 na bie\u017c\u0105co ze wszystkimi nowinkami technologicznymi i dzieli\u0107 si\u0119 swoj\u0105 wiedz\u0105.","sameAs":["https:\/\/www.lh.pl"],"url":"https:\/\/www.lh.pl\/pomoc\/author\/blazej\/"}]}},"_links":{"self":[{"href":"https:\/\/www.lh.pl\/pomoc\/wp-json\/wp\/v2\/posts\/13162"}],"collection":[{"href":"https:\/\/www.lh.pl\/pomoc\/wp-json\/wp\/v2\/posts"}],"about":[{"href":"https:\/\/www.lh.pl\/pomoc\/wp-json\/wp\/v2\/types\/post"}],"author":[{"embeddable":true,"href":"https:\/\/www.lh.pl\/pomoc\/wp-json\/wp\/v2\/users\/7"}],"replies":[{"embeddable":true,"href":"https:\/\/www.lh.pl\/pomoc\/wp-json\/wp\/v2\/comments?post=13162"}],"version-history":[{"count":4,"href":"https:\/\/www.lh.pl\/pomoc\/wp-json\/wp\/v2\/posts\/13162\/revisions"}],"predecessor-version":[{"id":13335,"href":"https:\/\/www.lh.pl\/pomoc\/wp-json\/wp\/v2\/posts\/13162\/revisions\/13335"}],"wp:featuredmedia":[{"embeddable":true,"href":"https:\/\/www.lh.pl\/pomoc\/wp-json\/wp\/v2\/media\/13174"}],"wp:attachment":[{"href":"https:\/\/www.lh.pl\/pomoc\/wp-json\/wp\/v2\/media?parent=13162"}],"wp:term":[{"taxonomy":"category","embeddable":true,"href":"https:\/\/www.lh.pl\/pomoc\/wp-json\/wp\/v2\/categories?post=13162"},{"taxonomy":"post_tag","embeddable":true,"href":"https:\/\/www.lh.pl\/pomoc\/wp-json\/wp\/v2\/tags?post=13162"}],"curies":[{"name":"wp","href":"https:\/\/api.w.org\/{rel}","templated":true}]}}